{"id":3716,"date":"2025-09-29T12:02:04","date_gmt":"2025-09-29T10:02:04","guid":{"rendered":"https:\/\/www.sabbafrisca.com\/?p=3716"},"modified":"2025-09-29T12:12:44","modified_gmt":"2025-09-29T10:12:44","slug":"evenement-special-au-parc-musee-sabba-frisca-5-octobre-2025","status":"publish","type":"post","link":"https:\/\/www.sabbafrisca.com\/fr\/evenements\/2025\/09\/29\/evenement-special-au-parc-musee-sabba-frisca-5-octobre-2025\/","title":{"rendered":"\u00c9v\u00e9nement sp\u00e9cial au Parc-Mus\u00e9e S\u2019Abba Frisca \u2014 5 octobre 2025"},"content":{"rendered":"","protected":false},"excerpt":{"rendered":"","protected":false},"author":2,"featured_media":3369,"comment_status":"closed","ping_status":"open","sticky":false,"template":"","format":"standard","meta":{"_acf_changed":false,"footnotes":""},"categories":[11],"tags":[],"class_list":["post-3716","post","type-post","status-publish","format-standard","has-post-thumbnail","hentry","category-evenements"],"acf":[],"yoast_head":"<!-- This site is optimized with the Yoast SEO plugin v25.9 - https:\/\/yoast.com\/wordpress\/plugins\/seo\/ -->\n<title>\u00c9v\u00e9nement sp\u00e9cial au Parc-Mus\u00e9e S\u2019Abba Frisca \u2014 5 octobre 2025 - S&#039;Abba Frisca Parco Museo<\/title>\n<meta name=\"robots\" content=\"index, follow, max-snippet:-1, max-image-preview:large, max-video-preview:-1\" \/>\n<link rel=\"canonical\" href=\"https:\/\/www.sabbafrisca.com\/fr\/evenements\/2025\/09\/29\/evenement-special-au-parc-musee-sabba-frisca-5-octobre-2025\/\" \/>\n<meta property=\"og:locale\" content=\"fr_FR\" \/>\n<meta property=\"og:type\" content=\"article\" \/>\n<meta property=\"og:title\" content=\"\u00c9v\u00e9nement sp\u00e9cial au Parc-Mus\u00e9e S\u2019Abba Frisca \u2014 5 octobre 2025 - S&#039;Abba Frisca Parco Museo\" \/>\n<meta property=\"og:url\" content=\"https:\/\/www.sabbafrisca.com\/fr\/evenements\/2025\/09\/29\/evenement-special-au-parc-musee-sabba-frisca-5-octobre-2025\/\" \/>\n<meta property=\"og:site_name\" content=\"S&#039;Abba Frisca Parco Museo\" \/>\n<meta property=\"article:publisher\" content=\"https:\/\/www.facebook.com\/sabbafrisca\" \/>\n<meta property=\"article:published_time\" content=\"2025-09-29T10:02:04+00:00\" \/>\n<meta property=\"article:modified_time\" content=\"2025-09-29T10:12:44+00:00\" \/>\n<meta property=\"og:image\" content=\"https:\/\/www.sabbafrisca.com\/wp-content\/uploads\/2024\/04\/cottura-del-pane-carasau-a-Dorgali.jpg\" \/>\n\t<meta property=\"og:image:width\" content=\"1024\" \/>\n\t<meta property=\"og:image:height\" content=\"576\" \/>\n\t<meta property=\"og:image:type\" content=\"image\/jpeg\" \/>\n<meta name=\"author\" content=\"abbafrisca_admin\" \/>\n<meta name=\"twitter:card\" content=\"summary_large_image\" \/>\n<meta name=\"twitter:creator\" content=\"@sabbafrisca\" \/>\n<meta name=\"twitter:site\" content=\"@sabbafrisca\" \/>\n<meta name=\"twitter:label1\" content=\"\u00c9crit par\" \/>\n\t<meta name=\"twitter:data1\" content=\"abbafrisca_admin\" \/>\n\t<meta name=\"twitter:label2\" content=\"Dur\u00e9e de lecture estim\u00e9e\" \/>\n\t<meta name=\"twitter:data2\" content=\"1 minute\" \/>\n<script type=\"application\/ld+json\" class=\"yoast-schema-graph\">{\"@context\":\"https:\/\/schema.org\",\"@graph\":[{\"@type\":\"Article\",\"@id\":\"https:\/\/www.sabbafrisca.com\/fr\/evenements\/2025\/09\/29\/evenement-special-au-parc-musee-sabba-frisca-5-octobre-2025\/#article\",\"isPartOf\":{\"@id\":\"https:\/\/www.sabbafrisca.com\/fr\/evenements\/2025\/09\/29\/evenement-special-au-parc-musee-sabba-frisca-5-octobre-2025\/\"},\"author\":{\"name\":\"abbafrisca_admin\",\"@id\":\"https:\/\/www.sabbafrisca.com\/fr\/#\/schema\/person\/0a9b307e6b1409df5b60470b59c248ce\"},\"headline\":\"\u00c9v\u00e9nement sp\u00e9cial au Parc-Mus\u00e9e S\u2019Abba Frisca \u2014 5 octobre 2025\",\"datePublished\":\"2025-09-29T10:02:04+00:00\",\"dateModified\":\"2025-09-29T10:12:44+00:00\",\"mainEntityOfPage\":{\"@id\":\"https:\/\/www.sabbafrisca.com\/fr\/evenements\/2025\/09\/29\/evenement-special-au-parc-musee-sabba-frisca-5-octobre-2025\/\"},\"wordCount\":11,\"publisher\":{\"@id\":\"https:\/\/www.sabbafrisca.com\/fr\/#organization\"},\"image\":{\"@id\":\"https:\/\/www.sabbafrisca.com\/fr\/evenements\/2025\/09\/29\/evenement-special-au-parc-musee-sabba-frisca-5-octobre-2025\/#primaryimage\"},\"thumbnailUrl\":\"https:\/\/www.sabbafrisca.com\/wp-content\/uploads\/2024\/04\/cottura-del-pane-carasau-a-Dorgali.jpg\",\"articleSection\":[\"\u00c9v\u00e9nements\"],\"inLanguage\":\"fr-FR\"},{\"@type\":\"WebPage\",\"@id\":\"https:\/\/www.sabbafrisca.com\/fr\/evenements\/2025\/09\/29\/evenement-special-au-parc-musee-sabba-frisca-5-octobre-2025\/\",\"url\":\"https:\/\/www.sabbafrisca.com\/fr\/evenements\/2025\/09\/29\/evenement-special-au-parc-musee-sabba-frisca-5-octobre-2025\/\",\"name\":\"\u00c9v\u00e9nement sp\u00e9cial au Parc-Mus\u00e9e S\u2019Abba Frisca \u2014 5 octobre 2025 - S&#039;Abba Frisca Parco Museo\",\"isPartOf\":{\"@id\":\"https:\/\/www.sabbafrisca.com\/fr\/#website\"},\"primaryImageOfPage\":{\"@id\":\"https:\/\/www.sabbafrisca.com\/fr\/evenements\/2025\/09\/29\/evenement-special-au-parc-musee-sabba-frisca-5-octobre-2025\/#primaryimage\"},\"image\":{\"@id\":\"https:\/\/www.sabbafrisca.com\/fr\/evenements\/2025\/09\/29\/evenement-special-au-parc-musee-sabba-frisca-5-octobre-2025\/#primaryimage\"},\"thumbnailUrl\":\"https:\/\/www.sabbafrisca.com\/wp-content\/uploads\/2024\/04\/cottura-del-pane-carasau-a-Dorgali.jpg\",\"datePublished\":\"2025-09-29T10:02:04+00:00\",\"dateModified\":\"2025-09-29T10:12:44+00:00\",\"breadcrumb\":{\"@id\":\"https:\/\/www.sabbafrisca.com\/fr\/evenements\/2025\/09\/29\/evenement-special-au-parc-musee-sabba-frisca-5-octobre-2025\/#breadcrumb\"},\"inLanguage\":\"fr-FR\",\"potentialAction\":[{\"@type\":\"ReadAction\",\"target\":[\"https:\/\/www.sabbafrisca.com\/fr\/evenements\/2025\/09\/29\/evenement-special-au-parc-musee-sabba-frisca-5-octobre-2025\/\"]}]},{\"@type\":\"ImageObject\",\"inLanguage\":\"fr-FR\",\"@id\":\"https:\/\/www.sabbafrisca.com\/fr\/evenements\/2025\/09\/29\/evenement-special-au-parc-musee-sabba-frisca-5-octobre-2025\/#primaryimage\",\"url\":\"https:\/\/www.sabbafrisca.com\/wp-content\/uploads\/2024\/04\/cottura-del-pane-carasau-a-Dorgali.jpg\",\"contentUrl\":\"https:\/\/www.sabbafrisca.com\/wp-content\/uploads\/2024\/04\/cottura-del-pane-carasau-a-Dorgali.jpg\",\"width\":1024,\"height\":576,\"caption\":\"Cottura del pane carasau\"},{\"@type\":\"BreadcrumbList\",\"@id\":\"https:\/\/www.sabbafrisca.com\/fr\/evenements\/2025\/09\/29\/evenement-special-au-parc-musee-sabba-frisca-5-octobre-2025\/#breadcrumb\",\"itemListElement\":[{\"@type\":\"ListItem\",\"position\":1,\"name\":\"Home\",\"item\":\"https:\/\/www.sabbafrisca.com\/fr\/\"},{\"@type\":\"ListItem\",\"position\":2,\"name\":\"\u00c9v\u00e9nement sp\u00e9cial au Parc-Mus\u00e9e S\u2019Abba Frisca \u2014 5 octobre 2025\"}]},{\"@type\":\"WebSite\",\"@id\":\"https:\/\/www.sabbafrisca.com\/fr\/#website\",\"url\":\"https:\/\/www.sabbafrisca.com\/fr\/\",\"name\":\"S&#039;Abba Frisca Parco Museo\",\"description\":\"A Dorgali, il Parco Museo della Sardegna\",\"publisher\":{\"@id\":\"https:\/\/www.sabbafrisca.com\/fr\/#organization\"},\"potentialAction\":[{\"@type\":\"SearchAction\",\"target\":{\"@type\":\"EntryPoint\",\"urlTemplate\":\"https:\/\/www.sabbafrisca.com\/fr\/?s={search_term_string}\"},\"query-input\":{\"@type\":\"PropertyValueSpecification\",\"valueRequired\":true,\"valueName\":\"search_term_string\"}}],\"inLanguage\":\"fr-FR\"},{\"@type\":\"Organization\",\"@id\":\"https:\/\/www.sabbafrisca.com\/fr\/#organization\",\"name\":\"Parco Museo S'Abba Frisca\",\"url\":\"https:\/\/www.sabbafrisca.com\/fr\/\",\"logo\":{\"@type\":\"ImageObject\",\"inLanguage\":\"fr-FR\",\"@id\":\"https:\/\/www.sabbafrisca.com\/fr\/#\/schema\/logo\/image\/\",\"url\":\"https:\/\/www.sabbafrisca.com\/wp-content\/uploads\/2022\/01\/Marchio-a-colori.png\",\"contentUrl\":\"https:\/\/www.sabbafrisca.com\/wp-content\/uploads\/2022\/01\/Marchio-a-colori.png\",\"width\":1500,\"height\":1572,\"caption\":\"Parco Museo S'Abba Frisca\"},\"image\":{\"@id\":\"https:\/\/www.sabbafrisca.com\/fr\/#\/schema\/logo\/image\/\"},\"sameAs\":[\"https:\/\/www.facebook.com\/sabbafrisca\",\"https:\/\/x.com\/sabbafrisca\",\"https:\/\/www.instagram.com\/sabbafrisca\/\",\"https:\/\/twitter.com\/sabbafrisca\"]},{\"@type\":\"Person\",\"@id\":\"https:\/\/www.sabbafrisca.com\/fr\/#\/schema\/person\/0a9b307e6b1409df5b60470b59c248ce\",\"name\":\"abbafrisca_admin\",\"image\":{\"@type\":\"ImageObject\",\"inLanguage\":\"fr-FR\",\"@id\":\"https:\/\/www.sabbafrisca.com\/fr\/#\/schema\/person\/image\/\",\"url\":\"https:\/\/secure.gravatar.com\/avatar\/894e6c33138e852896898dc95cfa61c9490aeec96eeab94e9d1300fcbe52db54?s=96&d=mm&r=g\",\"contentUrl\":\"https:\/\/secure.gravatar.com\/avatar\/894e6c33138e852896898dc95cfa61c9490aeec96eeab94e9d1300fcbe52db54?s=96&d=mm&r=g\",\"caption\":\"abbafrisca_admin\"},\"url\":\"https:\/\/www.sabbafrisca.com\/fr\/author\/abbafrisca_admin\/\"}]}<\/script>\n<!-- \/ Yoast SEO plugin. -->","yoast_head_json":{"title":"\u00c9v\u00e9nement sp\u00e9cial au Parc-Mus\u00e9e S\u2019Abba Frisca \u2014 5 octobre 2025 - S&#039;Abba Frisca Parco Museo","robots":{"index":"index","follow":"follow","max-snippet":"max-snippet:-1","max-image-preview":"max-image-preview:large","max-video-preview":"max-video-preview:-1"},"canonical":"https:\/\/www.sabbafrisca.com\/fr\/evenements\/2025\/09\/29\/evenement-special-au-parc-musee-sabba-frisca-5-octobre-2025\/","og_locale":"fr_FR","og_type":"article","og_title":"\u00c9v\u00e9nement sp\u00e9cial au Parc-Mus\u00e9e S\u2019Abba Frisca \u2014 5 octobre 2025 - S&#039;Abba Frisca Parco Museo","og_url":"https:\/\/www.sabbafrisca.com\/fr\/evenements\/2025\/09\/29\/evenement-special-au-parc-musee-sabba-frisca-5-octobre-2025\/","og_site_name":"S&#039;Abba Frisca Parco Museo","article_publisher":"https:\/\/www.facebook.com\/sabbafrisca","article_published_time":"2025-09-29T10:02:04+00:00","article_modified_time":"2025-09-29T10:12:44+00:00","og_image":[{"width":1024,"height":576,"url":"https:\/\/www.sabbafrisca.com\/wp-content\/uploads\/2024\/04\/cottura-del-pane-carasau-a-Dorgali.jpg","type":"image\/jpeg"}],"author":"abbafrisca_admin","twitter_card":"summary_large_image","twitter_creator":"@sabbafrisca","twitter_site":"@sabbafrisca","twitter_misc":{"\u00c9crit par":"abbafrisca_admin","Dur\u00e9e de lecture estim\u00e9e":"1 minute"},"schema":{"@context":"https:\/\/schema.org","@graph":[{"@type":"Article","@id":"https:\/\/www.sabbafrisca.com\/fr\/evenements\/2025\/09\/29\/evenement-special-au-parc-musee-sabba-frisca-5-octobre-2025\/#article","isPartOf":{"@id":"https:\/\/www.sabbafrisca.com\/fr\/evenements\/2025\/09\/29\/evenement-special-au-parc-musee-sabba-frisca-5-octobre-2025\/"},"author":{"name":"abbafrisca_admin","@id":"https:\/\/www.sabbafrisca.com\/fr\/#\/schema\/person\/0a9b307e6b1409df5b60470b59c248ce"},"headline":"\u00c9v\u00e9nement sp\u00e9cial au Parc-Mus\u00e9e S\u2019Abba Frisca \u2014 5 octobre 2025","datePublished":"2025-09-29T10:02:04+00:00","dateModified":"2025-09-29T10:12:44+00:00","mainEntityOfPage":{"@id":"https:\/\/www.sabbafrisca.com\/fr\/evenements\/2025\/09\/29\/evenement-special-au-parc-musee-sabba-frisca-5-octobre-2025\/"},"wordCount":11,"publisher":{"@id":"https:\/\/www.sabbafrisca.com\/fr\/#organization"},"image":{"@id":"https:\/\/www.sabbafrisca.com\/fr\/evenements\/2025\/09\/29\/evenement-special-au-parc-musee-sabba-frisca-5-octobre-2025\/#primaryimage"},"thumbnailUrl":"https:\/\/www.sabbafrisca.com\/wp-content\/uploads\/2024\/04\/cottura-del-pane-carasau-a-Dorgali.jpg","articleSection":["\u00c9v\u00e9nements"],"inLanguage":"fr-FR"},{"@type":"WebPage","@id":"https:\/\/www.sabbafrisca.com\/fr\/evenements\/2025\/09\/29\/evenement-special-au-parc-musee-sabba-frisca-5-octobre-2025\/","url":"https:\/\/www.sabbafrisca.com\/fr\/evenements\/2025\/09\/29\/evenement-special-au-parc-musee-sabba-frisca-5-octobre-2025\/","name":"\u00c9v\u00e9nement sp\u00e9cial au Parc-Mus\u00e9e S\u2019Abba Frisca \u2014 5 octobre 2025 - S&#039;Abba Frisca Parco Museo","isPartOf":{"@id":"https:\/\/www.sabbafrisca.com\/fr\/#website"},"primaryImageOfPage":{"@id":"https:\/\/www.sabbafrisca.com\/fr\/evenements\/2025\/09\/29\/evenement-special-au-parc-musee-sabba-frisca-5-octobre-2025\/#primaryimage"},"image":{"@id":"https:\/\/www.sabbafrisca.com\/fr\/evenements\/2025\/09\/29\/evenement-special-au-parc-musee-sabba-frisca-5-octobre-2025\/#primaryimage"},"thumbnailUrl":"https:\/\/www.sabbafrisca.com\/wp-content\/uploads\/2024\/04\/cottura-del-pane-carasau-a-Dorgali.jpg","datePublished":"2025-09-29T10:02:04+00:00","dateModified":"2025-09-29T10:12:44+00:00","breadcrumb":{"@id":"https:\/\/www.sabbafrisca.com\/fr\/evenements\/2025\/09\/29\/evenement-special-au-parc-musee-sabba-frisca-5-octobre-2025\/#breadcrumb"},"inLanguage":"fr-FR","potentialAction":[{"@type":"ReadAction","target":["https:\/\/www.sabbafrisca.com\/fr\/evenements\/2025\/09\/29\/evenement-special-au-parc-musee-sabba-frisca-5-octobre-2025\/"]}]},{"@type":"ImageObject","inLanguage":"fr-FR","@id":"https:\/\/www.sabbafrisca.com\/fr\/evenements\/2025\/09\/29\/evenement-special-au-parc-musee-sabba-frisca-5-octobre-2025\/#primaryimage","url":"https:\/\/www.sabbafrisca.com\/wp-content\/uploads\/2024\/04\/cottura-del-pane-carasau-a-Dorgali.jpg","contentUrl":"https:\/\/www.sabbafrisca.com\/wp-content\/uploads\/2024\/04\/cottura-del-pane-carasau-a-Dorgali.jpg","width":1024,"height":576,"caption":"Cottura del pane carasau"},{"@type":"BreadcrumbList","@id":"https:\/\/www.sabbafrisca.com\/fr\/evenements\/2025\/09\/29\/evenement-special-au-parc-musee-sabba-frisca-5-octobre-2025\/#breadcrumb","itemListElement":[{"@type":"ListItem","position":1,"name":"Home","item":"https:\/\/www.sabbafrisca.com\/fr\/"},{"@type":"ListItem","position":2,"name":"\u00c9v\u00e9nement sp\u00e9cial au Parc-Mus\u00e9e S\u2019Abba Frisca \u2014 5 octobre 2025"}]},{"@type":"WebSite","@id":"https:\/\/www.sabbafrisca.com\/fr\/#website","url":"https:\/\/www.sabbafrisca.com\/fr\/","name":"S&#039;Abba Frisca Parco Museo","description":"A Dorgali, il Parco Museo della Sardegna","publisher":{"@id":"https:\/\/www.sabbafrisca.com\/fr\/#organization"},"potentialAction":[{"@type":"SearchAction","target":{"@type":"EntryPoint","urlTemplate":"https:\/\/www.sabbafrisca.com\/fr\/?s={search_term_string}"},"query-input":{"@type":"PropertyValueSpecification","valueRequired":true,"valueName":"search_term_string"}}],"inLanguage":"fr-FR"},{"@type":"Organization","@id":"https:\/\/www.sabbafrisca.com\/fr\/#organization","name":"Parco Museo S'Abba Frisca","url":"https:\/\/www.sabbafrisca.com\/fr\/","logo":{"@type":"ImageObject","inLanguage":"fr-FR","@id":"https:\/\/www.sabbafrisca.com\/fr\/#\/schema\/logo\/image\/","url":"https:\/\/www.sabbafrisca.com\/wp-content\/uploads\/2022\/01\/Marchio-a-colori.png","contentUrl":"https:\/\/www.sabbafrisca.com\/wp-content\/uploads\/2022\/01\/Marchio-a-colori.png","width":1500,"height":1572,"caption":"Parco Museo S'Abba Frisca"},"image":{"@id":"https:\/\/www.sabbafrisca.com\/fr\/#\/schema\/logo\/image\/"},"sameAs":["https:\/\/www.facebook.com\/sabbafrisca","https:\/\/x.com\/sabbafrisca","https:\/\/www.instagram.com\/sabbafrisca\/","https:\/\/twitter.com\/sabbafrisca"]},{"@type":"Person","@id":"https:\/\/www.sabbafrisca.com\/fr\/#\/schema\/person\/0a9b307e6b1409df5b60470b59c248ce","name":"abbafrisca_admin","image":{"@type":"ImageObject","inLanguage":"fr-FR","@id":"https:\/\/www.sabbafrisca.com\/fr\/#\/schema\/person\/image\/","url":"https:\/\/secure.gravatar.com\/avatar\/894e6c33138e852896898dc95cfa61c9490aeec96eeab94e9d1300fcbe52db54?s=96&d=mm&r=g","contentUrl":"https:\/\/secure.gravatar.com\/avatar\/894e6c33138e852896898dc95cfa61c9490aeec96eeab94e9d1300fcbe52db54?s=96&d=mm&r=g","caption":"abbafrisca_admin"},"url":"https:\/\/www.sabbafrisca.com\/fr\/author\/abbafrisca_admin\/"}]}},"_links":{"self":[{"href":"https:\/\/www.sabbafrisca.com\/fr\/wp-json\/wp\/v2\/posts\/3716","targetHints":{"allow":["GET"]}}],"collection":[{"href":"https:\/\/www.sabbafrisca.com\/fr\/wp-json\/wp\/v2\/posts"}],"about":[{"href":"https:\/\/www.sabbafrisca.com\/fr\/wp-json\/wp\/v2\/types\/post"}],"author":[{"embeddable":true,"href":"https:\/\/www.sabbafrisca.com\/fr\/wp-json\/wp\/v2\/users\/2"}],"replies":[{"embeddable":true,"href":"https:\/\/www.sabbafrisca.com\/fr\/wp-json\/wp\/v2\/comments?post=3716"}],"version-history":[{"count":1,"href":"https:\/\/www.sabbafrisca.com\/fr\/wp-json\/wp\/v2\/posts\/3716\/revisions"}],"predecessor-version":[{"id":3717,"href":"https:\/\/www.sabbafrisca.com\/fr\/wp-json\/wp\/v2\/posts\/3716\/revisions\/3717"}],"wp:featuredmedia":[{"embeddable":true,"href":"https:\/\/www.sabbafrisca.com\/fr\/wp-json\/wp\/v2\/media\/3369"}],"wp:attachment":[{"href":"https:\/\/www.sabbafrisca.com\/fr\/wp-json\/wp\/v2\/media?parent=3716"}],"wp:term":[{"taxonomy":"category","embeddable":true,"href":"https:\/\/www.sabbafrisca.com\/fr\/wp-json\/wp\/v2\/categories?post=3716"},{"taxonomy":"post_tag","embeddable":true,"href":"https:\/\/www.sabbafrisca.com\/fr\/wp-json\/wp\/v2\/tags?post=3716"}],"curies":[{"name":"wp","href":"https:\/\/api.w.org\/{rel}","templated":true}]}}